{"id":34523,"date":"2025-12-05T23:35:08","date_gmt":"2025-12-05T22:35:08","guid":{"rendered":"https:\/\/locking.es\/marches-de-noel\/"},"modified":"2025-12-10T10:22:55","modified_gmt":"2025-12-10T09:22:55","slug":"marches-de-noel","status":"publish","type":"post","link":"https:\/\/locking.es\/fr\/marches-de-noel\/","title":{"rendered":"March\u00e9s de No\u00ebl : Pendant ces f\u00eates, ne vous encombrez pas de vos achats de No\u00ebl !"},"content":{"rendered":"\n<p>Si vous venez profiter des <strong>March\u00e9s de No\u00ebl de Madrid<\/strong>, sachez que No\u00ebl \u00e0 <strong>Madrid <\/strong>est une p\u00e9riode magique. Les lumi\u00e8res, l&rsquo;odeur des ch\u00e2taignes et l&rsquo;ambiance festive des March\u00e9s de No\u00ebl attirent des visiteurs de partout. Mais soyons honn\u00eates : se promener au c\u0153ur de la ville avec des valises, des manteaux volumineux et de multiples sacs de cadeaux peut transformer un jour de f\u00eate en une v\u00e9ritable torture.  <\/p>\n\n<p>Chez <strong><a href=\"http:\/\/locking.es\">Locking<\/a><\/strong>, nous comprenons que vous souhaitez profiter de chaque instant les mains libres. C&rsquo;est pourquoi nous avons optimis\u00e9 nos<strong> casiers intelligents <\/strong>pour vous offrir la solution parfaite : la consigne \u00e0 bagages la plus s\u00fbre et la plus pratique du <strong>Centre de Madrid<\/strong>. <\/p>\n\n<h2 class=\"wp-block-heading\">O\u00f9 Sommes-Nous ?<\/h2>\n\n<p>Nos emplacements sont strat\u00e9giquement situ\u00e9s pour que vous puissiez vous d\u00e9barrasser de vos affaires \u00e0 quelques minutes de l&rsquo;action. Laissez vos bagages ou vos premiers achats et continuez votre route l\u00e9ger. Retrouvez-nous sur <a href=\"http:\/\/locking.es\">locking.es.<\/a>  <\/p>\n\n<h3 class=\"wp-block-heading\">Casiers Intelligents Pr\u00e8s de la Plaza Mayor (<a href=\"https:\/\/www.esmadrid.com\/agenda\/mercado-de-navidad-de-la-plaza-mayor\">Le March\u00e9 Classique)<\/a><\/h3>\n\n<figure class=\"wp-block-gallery has-nested-images columns-default is-cropped wp-block-gallery-1 is-layout-flex wp-block-gallery-is-layout-flex\">\n<figure class=\"wp-block-image size-large\"><img fetchpriority=\"high\" decoding=\"async\" width=\"1024\" height=\"588\" data-id=\"34492\" src=\"https:\/\/locking.es\/wp-content\/uploads\/2025\/12\/Mercadillo-Plaza-Mayor-portada-1-1024x588.jpg\" alt=\"\" class=\"wp-image-34492\" srcset=\"https:\/\/locking.es\/wp-content\/uploads\/2025\/12\/Mercadillo-Plaza-Mayor-portada-1-1024x588.jpg 1024w, https:\/\/locking.es\/wp-content\/uploads\/2025\/12\/Mercadillo-Plaza-Mayor-portada-1-300x172.jpg 300w, https:\/\/locking.es\/wp-content\/uploads\/2025\/12\/Mercadillo-Plaza-Mayor-portada-1-768x441.jpg 768w, https:\/\/locking.es\/wp-content\/uploads\/2025\/12\/Mercadillo-Plaza-Mayor-portada-1-1536x882.jpg 1536w, https:\/\/locking.es\/wp-content\/uploads\/2025\/12\/Mercadillo-Plaza-Mayor-portada-1-710x408.jpg 710w, https:\/\/locking.es\/wp-content\/uploads\/2025\/12\/Mercadillo-Plaza-Mayor-portada-1.jpg 1906w\" sizes=\"(max-width: 1024px) 100vw, 1024px\" \/><\/figure>\n<\/figure>\n\n<p>Le c\u00e9l\u00e8bre <strong>March\u00e9 de la Plaza Mayor<\/strong> est un arr\u00eat obligatoire pour ceux qui recherchent des d\u00e9corations, des figurines de cr\u00e8che et des articles de farce et attrape.<\/p>\n\n<p>Si vienes directamente desde la estaci\u00f3n o el aeropuerto, simplemente deja tu equipaje en nuestra <strong>consigna de maletas<\/strong>. Estamos a <g id=\"gid_1\">menos de 5 minutos a pie<\/g> de la plaza. Es el lugar ideal para guardar regalos grandes y asegurarte de que tus compras fr\u00e1giles est\u00e1n a salvo mientras sigues de <em>tour<\/em> navide\u00f1o.  <\/p>\n\n<h3 class=\"wp-block-heading\">Garde tes bagages pr\u00e8s de la <a href=\"https:\/\/www.esmadrid.com\/agenda\/navidena-mercadillo-plaza-espana\">Plaza de Espa\u00f1a (Jardin d&rsquo;Hiver et Patinoire)<\/a><\/h3>\n\n<figure class=\"wp-block-gallery has-nested-images columns-default is-cropped wp-block-gallery-2 is-layout-flex wp-block-gallery-is-layout-flex\">\n<figure class=\"wp-block-image size-large\"><img decoding=\"async\" width=\"1024\" height=\"575\" data-id=\"34502\" src=\"https:\/\/locking.es\/wp-content\/uploads\/2025\/12\/Plaza-espana-navidad.jpg\" alt=\"\" class=\"wp-image-34502\" srcset=\"https:\/\/locking.es\/wp-content\/uploads\/2025\/12\/Plaza-espana-navidad.jpg 1024w, https:\/\/locking.es\/wp-content\/uploads\/2025\/12\/Plaza-espana-navidad-300x168.jpg 300w, https:\/\/locking.es\/wp-content\/uploads\/2025\/12\/Plaza-espana-navidad-768x431.jpg 768w, https:\/\/locking.es\/wp-content\/uploads\/2025\/12\/Plaza-espana-navidad-710x399.jpg 710w\" sizes=\"(max-width: 1024px) 100vw, 1024px\" \/><\/figure>\n<\/figure>\n\n<p>La <strong>Plaza de Espa\u00f1a<\/strong> est devenue un autre \u00e9picentre de No\u00ebl, avec son Jardin d&rsquo;Hiver, sa Patinoire et de nombreux <em>stands <\/em>de cadeaux.<\/p>\n\n<p>Si vous pr\u00e9voyez de patiner ou de savourer un chocolat chaud, quoi de mieux que de le faire sans vos affaires ? Laissez votre sac \u00e0 dos, manteaux et valises chez nous. Notre emplacement vous permet d&rsquo;acc\u00e9der au <strong>centre de Madrid e<\/strong>n toute libert\u00e9, garantissant que votre visite soit totalement fluide et agr\u00e9able.  <\/p>\n\n<h2 class=\"wp-block-heading\">Pourquoi Choisir <a href=\"http:\/\/locking.es\">Locking <\/a>? S\u00e9curit\u00e9 et Facilit\u00e9 Garanties. <\/h2>\n\n<p>Toutes les consignes \u00e0 bagages ne se valent pas. Chez <strong>Locking<\/strong>, la s\u00e9curit\u00e9 de vos bagages est notre priorit\u00e9 absolue, combin\u00e9e \u00e0 la technologie la plus simple pour que vous ne perdiez pas une minute de votre temps \u00e0 Madrid. <\/p>\n\n<ul class=\"wp-block-list\">\n<li><strong>S\u00e9curit\u00e9 Garantie 24\/7 :<\/strong> Tous nos casiers intelligents sont \u00e9quip\u00e9s de cam\u00e9ras de <strong>vid\u00e9osurveillance 24 heures<\/strong> sur 24. Seul vous aurez acc\u00e8s \u00e0 votre <em>casier s\u00e9curis\u00e9 <\/em>au moyen d&rsquo;un code personnel et intransf\u00e9rable. <\/li>\n\n\n\n<li><strong>R\u00e9servation en Ligne Simple <\/strong>: Oubliez les files d&rsquo;attente et la paperasse. Vous pouvez r\u00e9server votre casier rapidement et facilement depuis votre mobile ou <em>tablette <\/em>pendant que vous vous dirigez vers notre emplacement. <\/li>\n\n\n\n<li><strong>Casiers pour Toutes les Tailles<\/strong> : Nous disposons de <em>casiers <\/em>de diff\u00e9rentes tailles pour nous adapter \u00e0 tous les besoins, du sac \u00e0 dos de cabine \u00e0 la plus grande des valises ou \u00e0 vos volumineux sacs de shopping de No\u00ebl.<\/li>\n\n\n\n<li><strong>Tarifs Transparents <\/strong>: Nos tarifs sont clairs et sans co\u00fbts cach\u00e9s, afin que vous puissiez planifier votre budget sans surprise.<\/li>\n<\/ul>\n\n<h3 class=\"wp-block-heading\"><strong>Alors, vous savez ce qu&rsquo;il vous reste \u00e0 faire ! Si vous voulez profiter des march\u00e9s sans \u00eatre encombr\u00e9, laissez vos affaires en toute s\u00e9curit\u00e9 chez <a href=\"http:\/\/locking.es\">Locking<\/a>. <\/strong><\/h3>\n","protected":false},"excerpt":{"rendered":"<p>Si vous venez profiter des March\u00e9s de No\u00ebl de Madrid, sachez que No\u00ebl \u00e0 Madrid est une p\u00e9riode magique. Les lumi\u00e8res, l&rsquo;odeur des ch\u00e2taignes et l&rsquo;ambiance festive des March\u00e9s de No\u00ebl attirent des visiteurs de partout. Mais soyons honn\u00eates : se promener au c\u0153ur de la ville avec des valises, des manteaux volumineux et de [&hellip;]<\/p>\n","protected":false},"author":3,"featured_media":34499,"comment_status":"closed","ping_status":"closed","sticky":false,"template":"","format":"standard","meta":{"footnotes":""},"categories":[49,57,64],"tags":[],"class_list":["post-34523","post","type-post","status-publish","format-standard","has-post-thumbnail","hentry","category-chueca-fr","category-la-latina-fr","category-blog-fr"],"yoast_head":"<!-- This site is optimized with the Yoast SEO plugin v27.3 - https:\/\/yoast.com\/product\/yoast-seo-wordpress\/ -->\n<title>March\u00e9s de No\u00ebl : Pendant ces f\u00eates, ne vous encombrez pas de vos achats de No\u00ebl ! - Consignas autom\u00e1ticas Maletas y Equipaje Locking<\/title>\n<meta name=\"description\" content=\"Visitez les March\u00e9s de No\u00ebl de Madrid sans \u00eatre encombr\u00e9 ! R\u00e9servez un casier intelligent s\u00e9curis\u00e9 de Locking \u00e0 5 min. de la Plaza Mayor et profitez de vos achats.\" \/>\n<meta name=\"robots\" content=\"index, follow, max-snippet:-1, max-image-preview:large, max-video-preview:-1\" \/>\n<link rel=\"canonical\" href=\"https:\/\/locking.es\/fr\/marches-de-noel\/\" \/>\n<meta property=\"og:locale\" content=\"fr_FR\" \/>\n<meta property=\"og:type\" content=\"article\" \/>\n<meta property=\"og:title\" content=\"March\u00e9s de No\u00ebl : Pendant ces f\u00eates, ne vous encombrez pas de vos achats de No\u00ebl ! - Consignas autom\u00e1ticas Maletas y Equipaje Locking\" \/>\n<meta property=\"og:description\" content=\"Visitez les March\u00e9s de No\u00ebl de Madrid sans \u00eatre encombr\u00e9 ! R\u00e9servez un casier intelligent s\u00e9curis\u00e9 de Locking \u00e0 5 min. de la Plaza Mayor et profitez de vos achats.\" \/>\n<meta property=\"og:url\" content=\"https:\/\/locking.es\/fr\/marches-de-noel\/\" \/>\n<meta property=\"og:site_name\" content=\"Consignas autom\u00e1ticas Maletas y Equipaje Locking\" \/>\n<meta property=\"article:published_time\" content=\"2025-12-05T22:35:08+00:00\" \/>\n<meta property=\"article:modified_time\" content=\"2025-12-10T09:22:55+00:00\" \/>\n<meta property=\"og:image\" content=\"https:\/\/locking.es\/wp-content\/uploads\/2025\/12\/Mercadillo-Plaza-Mayor-portada-2.jpg\" \/>\n\t<meta property=\"og:image:width\" content=\"1906\" \/>\n\t<meta property=\"og:image:height\" content=\"1095\" \/>\n\t<meta property=\"og:image:type\" content=\"image\/jpeg\" \/>\n<meta name=\"author\" content=\"Locking Taquillas Automaticas\" \/>\n<meta name=\"twitter:card\" content=\"summary_large_image\" \/>\n<meta name=\"twitter:label1\" content=\"\u00c9crit par\" \/>\n\t<meta name=\"twitter:data1\" content=\"Locking Taquillas Automaticas\" \/>\n\t<meta name=\"twitter:label2\" content=\"Dur\u00e9e de lecture estim\u00e9e\" \/>\n\t<meta name=\"twitter:data2\" content=\"3 minutes\" \/>\n<script type=\"application\/ld+json\" class=\"yoast-schema-graph\">{\"@context\":\"https:\\\/\\\/schema.org\",\"@graph\":[{\"@type\":\"Article\",\"@id\":\"https:\\\/\\\/locking.es\\\/fr\\\/marches-de-noel\\\/#article\",\"isPartOf\":{\"@id\":\"https:\\\/\\\/locking.es\\\/fr\\\/marches-de-noel\\\/\"},\"author\":{\"name\":\"Locking Taquillas Automaticas\",\"@id\":\"https:\\\/\\\/locking.es\\\/fr\\\/#\\\/schema\\\/person\\\/aba796b0523f7b5bf5661f0ea2e4a2f8\"},\"headline\":\"March\u00e9s de No\u00ebl : Pendant ces f\u00eates, ne vous encombrez pas de vos achats de No\u00ebl !\",\"datePublished\":\"2025-12-05T22:35:08+00:00\",\"dateModified\":\"2025-12-10T09:22:55+00:00\",\"mainEntityOfPage\":{\"@id\":\"https:\\\/\\\/locking.es\\\/fr\\\/marches-de-noel\\\/\"},\"wordCount\":586,\"publisher\":{\"@id\":\"https:\\\/\\\/locking.es\\\/fr\\\/#organization\"},\"image\":{\"@id\":\"https:\\\/\\\/locking.es\\\/fr\\\/marches-de-noel\\\/#primaryimage\"},\"thumbnailUrl\":\"https:\\\/\\\/locking.es\\\/wp-content\\\/uploads\\\/2025\\\/12\\\/Mercadillo-Plaza-Mayor-portada-2.jpg\",\"articleSection\":[\"Chueca\",\"La Latina\",\"Sin maletas\"],\"inLanguage\":\"fr-FR\"},{\"@type\":[\"WebPage\",\"ItemPage\"],\"@id\":\"https:\\\/\\\/locking.es\\\/fr\\\/marches-de-noel\\\/\",\"url\":\"https:\\\/\\\/locking.es\\\/fr\\\/marches-de-noel\\\/\",\"name\":\"March\u00e9s de No\u00ebl : Pendant ces f\u00eates, ne vous encombrez pas de vos achats de No\u00ebl ! - Consignas autom\u00e1ticas Maletas y Equipaje Locking\",\"isPartOf\":{\"@id\":\"https:\\\/\\\/locking.es\\\/fr\\\/#website\"},\"primaryImageOfPage\":{\"@id\":\"https:\\\/\\\/locking.es\\\/fr\\\/marches-de-noel\\\/#primaryimage\"},\"image\":{\"@id\":\"https:\\\/\\\/locking.es\\\/fr\\\/marches-de-noel\\\/#primaryimage\"},\"thumbnailUrl\":\"https:\\\/\\\/locking.es\\\/wp-content\\\/uploads\\\/2025\\\/12\\\/Mercadillo-Plaza-Mayor-portada-2.jpg\",\"datePublished\":\"2025-12-05T22:35:08+00:00\",\"dateModified\":\"2025-12-10T09:22:55+00:00\",\"description\":\"Visitez les March\u00e9s de No\u00ebl de Madrid sans \u00eatre encombr\u00e9 ! R\u00e9servez un casier intelligent s\u00e9curis\u00e9 de Locking \u00e0 5 min. de la Plaza Mayor et profitez de vos achats.\",\"breadcrumb\":{\"@id\":\"https:\\\/\\\/locking.es\\\/fr\\\/marches-de-noel\\\/#breadcrumb\"},\"inLanguage\":\"fr-FR\",\"potentialAction\":[{\"@type\":\"ReadAction\",\"target\":[\"https:\\\/\\\/locking.es\\\/fr\\\/marches-de-noel\\\/\"]}]},{\"@type\":\"ImageObject\",\"inLanguage\":\"fr-FR\",\"@id\":\"https:\\\/\\\/locking.es\\\/fr\\\/marches-de-noel\\\/#primaryimage\",\"url\":\"https:\\\/\\\/locking.es\\\/wp-content\\\/uploads\\\/2025\\\/12\\\/Mercadillo-Plaza-Mayor-portada-2.jpg\",\"contentUrl\":\"https:\\\/\\\/locking.es\\\/wp-content\\\/uploads\\\/2025\\\/12\\\/Mercadillo-Plaza-Mayor-portada-2.jpg\",\"width\":1906,\"height\":1095},{\"@type\":\"BreadcrumbList\",\"@id\":\"https:\\\/\\\/locking.es\\\/fr\\\/marches-de-noel\\\/#breadcrumb\",\"itemListElement\":[{\"@type\":\"ListItem\",\"position\":1,\"name\":\"Portada\",\"item\":\"https:\\\/\\\/locking.es\\\/fr\\\/\"},{\"@type\":\"ListItem\",\"position\":2,\"name\":\"March\u00e9s de No\u00ebl : Pendant ces f\u00eates, ne vous encombrez pas de vos achats de No\u00ebl !\"}]},{\"@type\":\"WebSite\",\"@id\":\"https:\\\/\\\/locking.es\\\/fr\\\/#website\",\"url\":\"https:\\\/\\\/locking.es\\\/fr\\\/\",\"name\":\"Consignas autom\u00e1ticas Maletas y Equipaje Locking\",\"description\":\"\",\"publisher\":{\"@id\":\"https:\\\/\\\/locking.es\\\/fr\\\/#organization\"},\"potentialAction\":[{\"@type\":\"SearchAction\",\"target\":{\"@type\":\"EntryPoint\",\"urlTemplate\":\"https:\\\/\\\/locking.es\\\/fr\\\/?s={search_term_string}\"},\"query-input\":{\"@type\":\"PropertyValueSpecification\",\"valueRequired\":true,\"valueName\":\"search_term_string\"}}],\"inLanguage\":\"fr-FR\"},{\"@type\":\"Organization\",\"@id\":\"https:\\\/\\\/locking.es\\\/fr\\\/#organization\",\"name\":\"Consignas autom\u00e1ticas Maletas y Equipaje Locking\",\"url\":\"https:\\\/\\\/locking.es\\\/fr\\\/\",\"logo\":{\"@type\":\"ImageObject\",\"inLanguage\":\"fr-FR\",\"@id\":\"https:\\\/\\\/locking.es\\\/fr\\\/#\\\/schema\\\/logo\\\/image\\\/\",\"url\":\"https:\\\/\\\/locking.es\\\/wp-content\\\/uploads\\\/2024\\\/09\\\/logo.png\",\"contentUrl\":\"https:\\\/\\\/locking.es\\\/wp-content\\\/uploads\\\/2024\\\/09\\\/logo.png\",\"width\":239,\"height\":91,\"caption\":\"Consignas autom\u00e1ticas Maletas y Equipaje Locking\"},\"image\":{\"@id\":\"https:\\\/\\\/locking.es\\\/fr\\\/#\\\/schema\\\/logo\\\/image\\\/\"}},{\"@type\":\"Person\",\"@id\":\"https:\\\/\\\/locking.es\\\/fr\\\/#\\\/schema\\\/person\\\/aba796b0523f7b5bf5661f0ea2e4a2f8\",\"name\":\"Locking Taquillas Automaticas\"}]}<\/script>\n<!-- \/ Yoast SEO plugin. -->","yoast_head_json":{"title":"March\u00e9s de No\u00ebl : Pendant ces f\u00eates, ne vous encombrez pas de vos achats de No\u00ebl ! - Consignas autom\u00e1ticas Maletas y Equipaje Locking","description":"Visitez les March\u00e9s de No\u00ebl de Madrid sans \u00eatre encombr\u00e9 ! R\u00e9servez un casier intelligent s\u00e9curis\u00e9 de Locking \u00e0 5 min. de la Plaza Mayor et profitez de vos achats.","robots":{"index":"index","follow":"follow","max-snippet":"max-snippet:-1","max-image-preview":"max-image-preview:large","max-video-preview":"max-video-preview:-1"},"canonical":"https:\/\/locking.es\/fr\/marches-de-noel\/","og_locale":"fr_FR","og_type":"article","og_title":"March\u00e9s de No\u00ebl : Pendant ces f\u00eates, ne vous encombrez pas de vos achats de No\u00ebl ! - Consignas autom\u00e1ticas Maletas y Equipaje Locking","og_description":"Visitez les March\u00e9s de No\u00ebl de Madrid sans \u00eatre encombr\u00e9 ! R\u00e9servez un casier intelligent s\u00e9curis\u00e9 de Locking \u00e0 5 min. de la Plaza Mayor et profitez de vos achats.","og_url":"https:\/\/locking.es\/fr\/marches-de-noel\/","og_site_name":"Consignas autom\u00e1ticas Maletas y Equipaje Locking","article_published_time":"2025-12-05T22:35:08+00:00","article_modified_time":"2025-12-10T09:22:55+00:00","og_image":[{"width":1906,"height":1095,"url":"https:\/\/locking.es\/wp-content\/uploads\/2025\/12\/Mercadillo-Plaza-Mayor-portada-2.jpg","type":"image\/jpeg"}],"author":"Locking Taquillas Automaticas","twitter_card":"summary_large_image","twitter_misc":{"\u00c9crit par":"Locking Taquillas Automaticas","Dur\u00e9e de lecture estim\u00e9e":"3 minutes"},"schema":{"@context":"https:\/\/schema.org","@graph":[{"@type":"Article","@id":"https:\/\/locking.es\/fr\/marches-de-noel\/#article","isPartOf":{"@id":"https:\/\/locking.es\/fr\/marches-de-noel\/"},"author":{"name":"Locking Taquillas Automaticas","@id":"https:\/\/locking.es\/fr\/#\/schema\/person\/aba796b0523f7b5bf5661f0ea2e4a2f8"},"headline":"March\u00e9s de No\u00ebl : Pendant ces f\u00eates, ne vous encombrez pas de vos achats de No\u00ebl !","datePublished":"2025-12-05T22:35:08+00:00","dateModified":"2025-12-10T09:22:55+00:00","mainEntityOfPage":{"@id":"https:\/\/locking.es\/fr\/marches-de-noel\/"},"wordCount":586,"publisher":{"@id":"https:\/\/locking.es\/fr\/#organization"},"image":{"@id":"https:\/\/locking.es\/fr\/marches-de-noel\/#primaryimage"},"thumbnailUrl":"https:\/\/locking.es\/wp-content\/uploads\/2025\/12\/Mercadillo-Plaza-Mayor-portada-2.jpg","articleSection":["Chueca","La Latina","Sin maletas"],"inLanguage":"fr-FR"},{"@type":["WebPage","ItemPage"],"@id":"https:\/\/locking.es\/fr\/marches-de-noel\/","url":"https:\/\/locking.es\/fr\/marches-de-noel\/","name":"March\u00e9s de No\u00ebl : Pendant ces f\u00eates, ne vous encombrez pas de vos achats de No\u00ebl ! - Consignas autom\u00e1ticas Maletas y Equipaje Locking","isPartOf":{"@id":"https:\/\/locking.es\/fr\/#website"},"primaryImageOfPage":{"@id":"https:\/\/locking.es\/fr\/marches-de-noel\/#primaryimage"},"image":{"@id":"https:\/\/locking.es\/fr\/marches-de-noel\/#primaryimage"},"thumbnailUrl":"https:\/\/locking.es\/wp-content\/uploads\/2025\/12\/Mercadillo-Plaza-Mayor-portada-2.jpg","datePublished":"2025-12-05T22:35:08+00:00","dateModified":"2025-12-10T09:22:55+00:00","description":"Visitez les March\u00e9s de No\u00ebl de Madrid sans \u00eatre encombr\u00e9 ! R\u00e9servez un casier intelligent s\u00e9curis\u00e9 de Locking \u00e0 5 min. de la Plaza Mayor et profitez de vos achats.","breadcrumb":{"@id":"https:\/\/locking.es\/fr\/marches-de-noel\/#breadcrumb"},"inLanguage":"fr-FR","potentialAction":[{"@type":"ReadAction","target":["https:\/\/locking.es\/fr\/marches-de-noel\/"]}]},{"@type":"ImageObject","inLanguage":"fr-FR","@id":"https:\/\/locking.es\/fr\/marches-de-noel\/#primaryimage","url":"https:\/\/locking.es\/wp-content\/uploads\/2025\/12\/Mercadillo-Plaza-Mayor-portada-2.jpg","contentUrl":"https:\/\/locking.es\/wp-content\/uploads\/2025\/12\/Mercadillo-Plaza-Mayor-portada-2.jpg","width":1906,"height":1095},{"@type":"BreadcrumbList","@id":"https:\/\/locking.es\/fr\/marches-de-noel\/#breadcrumb","itemListElement":[{"@type":"ListItem","position":1,"name":"Portada","item":"https:\/\/locking.es\/fr\/"},{"@type":"ListItem","position":2,"name":"March\u00e9s de No\u00ebl : Pendant ces f\u00eates, ne vous encombrez pas de vos achats de No\u00ebl !"}]},{"@type":"WebSite","@id":"https:\/\/locking.es\/fr\/#website","url":"https:\/\/locking.es\/fr\/","name":"Consignas autom\u00e1ticas Maletas y Equipaje Locking","description":"","publisher":{"@id":"https:\/\/locking.es\/fr\/#organization"},"potentialAction":[{"@type":"SearchAction","target":{"@type":"EntryPoint","urlTemplate":"https:\/\/locking.es\/fr\/?s={search_term_string}"},"query-input":{"@type":"PropertyValueSpecification","valueRequired":true,"valueName":"search_term_string"}}],"inLanguage":"fr-FR"},{"@type":"Organization","@id":"https:\/\/locking.es\/fr\/#organization","name":"Consignas autom\u00e1ticas Maletas y Equipaje Locking","url":"https:\/\/locking.es\/fr\/","logo":{"@type":"ImageObject","inLanguage":"fr-FR","@id":"https:\/\/locking.es\/fr\/#\/schema\/logo\/image\/","url":"https:\/\/locking.es\/wp-content\/uploads\/2024\/09\/logo.png","contentUrl":"https:\/\/locking.es\/wp-content\/uploads\/2024\/09\/logo.png","width":239,"height":91,"caption":"Consignas autom\u00e1ticas Maletas y Equipaje Locking"},"image":{"@id":"https:\/\/locking.es\/fr\/#\/schema\/logo\/image\/"}},{"@type":"Person","@id":"https:\/\/locking.es\/fr\/#\/schema\/person\/aba796b0523f7b5bf5661f0ea2e4a2f8","name":"Locking Taquillas Automaticas"}]}},"_links":{"self":[{"href":"https:\/\/locking.es\/fr\/wp-json\/wp\/v2\/posts\/34523","targetHints":{"allow":["GET"]}}],"collection":[{"href":"https:\/\/locking.es\/fr\/wp-json\/wp\/v2\/posts"}],"about":[{"href":"https:\/\/locking.es\/fr\/wp-json\/wp\/v2\/types\/post"}],"author":[{"embeddable":true,"href":"https:\/\/locking.es\/fr\/wp-json\/wp\/v2\/users\/3"}],"replies":[{"embeddable":true,"href":"https:\/\/locking.es\/fr\/wp-json\/wp\/v2\/comments?post=34523"}],"version-history":[{"count":1,"href":"https:\/\/locking.es\/fr\/wp-json\/wp\/v2\/posts\/34523\/revisions"}],"predecessor-version":[{"id":34524,"href":"https:\/\/locking.es\/fr\/wp-json\/wp\/v2\/posts\/34523\/revisions\/34524"}],"wp:featuredmedia":[{"embeddable":true,"href":"https:\/\/locking.es\/fr\/wp-json\/wp\/v2\/media\/34499"}],"wp:attachment":[{"href":"https:\/\/locking.es\/fr\/wp-json\/wp\/v2\/media?parent=34523"}],"wp:term":[{"taxonomy":"category","embeddable":true,"href":"https:\/\/locking.es\/fr\/wp-json\/wp\/v2\/categories?post=34523"},{"taxonomy":"post_tag","embeddable":true,"href":"https:\/\/locking.es\/fr\/wp-json\/wp\/v2\/tags?post=34523"}],"curies":[{"name":"wp","href":"https:\/\/api.w.org\/{rel}","templated":true}]}}