{"id":34765,"date":"2026-03-07T09:48:00","date_gmt":"2026-03-07T08:48:00","guid":{"rendered":"https:\/\/locking.es\/feria-de-avril-seville-profitez-sans-chargements\/"},"modified":"2026-04-06T19:58:14","modified_gmt":"2026-04-06T17:58:14","slug":"feria-de-avril-seville-profitez-sans-chargements","status":"publish","type":"post","link":"https:\/\/locking.es\/fr\/feria-de-avril-seville-profitez-sans-chargements\/","title":{"rendered":"Feria d&rsquo;Avril de S\u00e9ville : \u00ab Comment en profiter sans s&rsquo;encombrer de sa valise \u00bb"},"content":{"rendered":"\n<p>La<strong><a href=\"https:\/\/www.spain.info\/es\/agenda\/feria-abril\/\"> Feria d&rsquo;Avril<\/a><\/strong> est faite pour \u00eatre v\u00e9cue sur son trente-un. Que vous soyez de ceux qui \u00e9trennent une robe de flamenco ou de ceux qui pr\u00e9f\u00e8rent le costume et la cravate, il y a une chose qui n&rsquo;a sa place dans aucune \u00ab\u00a0caseta\u00a0\u00bb :<strong> une valise de 10 kilos.<\/strong> <\/p>\n\n<p>Si vous arrivez \u00e0 S\u00e9ville en AVE ou en avion et que votre h\u00f4tel n&rsquo;est pas proche de Los Remedios ou de Tablada, vous perdrez des heures pr\u00e9cieuses \u00e0 faire l&rsquo;enregistrement avant de pouvoir fouler l&rsquo;albero.<\/p>\n\n<h3 class=\"wp-block-heading\">Pourquoi utiliser Locking.es pendant la semaine de la Feria ?<\/h3>\n\n<ol start=\"1\" class=\"wp-block-list\">\n<li><strong>Logistique de la \u00ab Flamenca \u00bb<\/strong> : Vous venez d&rsquo;ailleurs pour vous habiller en gitane seulement une journ\u00e9e ? Ne portez pas la housse du costume ou vos v\u00eatements de rechange dans toute la foire. Laissez-les dans nos consignes et r\u00e9cup\u00e9rez-les quand vous aurez besoin de vous changer pour rentrer chez vous.  <\/li>\n\n\n\n<li><strong>\u00c9vitez la \u00ab poussi\u00e8re de l&rsquo;albero \u00bb dans vos bagages <\/strong>: Les roulettes des valises et la poussi\u00e8re jaune de la foire ne font pas bon m\u00e9nage. Gardez vos affaires propres et en s\u00e9curit\u00e9 dans un environnement num\u00e9rique et ferm\u00e9.<\/li>\n\n\n\n<li><strong>Au c\u0153ur de S\u00e9ville :<\/strong> Notre emplacement strat\u00e9gique vous permet de d\u00e9poser vos bagages et de sauter directement dans un taxi ou un VTC pour arriver au Real en quelques minutes.<\/li>\n<\/ol>\n\n<h3 class=\"wp-block-heading\">Conseils pour les participants pr\u00e9voyants de la Feria :<\/h3>\n\n<ul class=\"wp-block-list\">\n<li><strong>R\u00e9servation en ligne obligatoire<\/strong> : Si la Semaine sainte est fr\u00e9quent\u00e9e, la Feria d&rsquo;avril est massive. Les quelques consignes traditionnelles de la ville saturent d\u00e8s le premier dimanche de foire. En<a href=\"https:\/\/sevilla.locking.es\/booking-engine?locker_ref=LOCKING4\"> r\u00e9servant en ligne<\/a>, votre place est garantie avant m\u00eame votre atterrissage. <\/li>\n\n\n\n<li><strong>S\u00e9curit\u00e9 24h\/24<\/strong> : Le d\u00eener dans la \u00ab caseta \u00bb s&rsquo;est prolong\u00e9 jusqu&rsquo;au petit matin ? Ne vous inqui\u00e9tez pas. Nos consignes intelligentes n&rsquo;ont pas les horaires limit\u00e9s d&rsquo;un commerce de quartier. Votre code fonctionne quand vous en avez besoin.   <\/li>\n\n\n\n<li><strong>Espace pour tout <\/strong>: Des sacs \u00e0 dos aux valises de grande taille. Nous avons la taille de casier qu&rsquo;il vous faut pour que votre seule pr\u00e9occupation soit d&rsquo;apprendre la troisi\u00e8me sevillana. <\/li>\n<\/ul>\n\n<p><strong>Avec <a href=\"http:\/\/locking.es\/fr\/\">Locking<\/a><\/strong>, cette <strong>ann\u00e9e, que le seul poids que vous portiez soit celui des volants<\/strong>.<\/p>\n\n<p class=\"has-text-align-center\"><strong><a href=\"https:\/\/sevilla.locking.es\/booking-engine?locker_ref=LOCKING4\">Lib\u00e9rez vos mains<\/a> pour le rebujito !<\/strong><\/p>\n\n<p><\/p>\n","protected":false},"excerpt":{"rendered":"<p>La Feria d&rsquo;Avril est faite pour \u00eatre v\u00e9cue sur son trente-un. Que vous soyez de ceux qui \u00e9trennent une robe de flamenco ou de ceux qui pr\u00e9f\u00e8rent le costume et la cravate, il y a une chose qui n&rsquo;a sa place dans aucune \u00ab\u00a0caseta\u00a0\u00bb : une valise de 10 kilos. Si vous arrivez \u00e0 S\u00e9ville [&hellip;]<\/p>\n","protected":false},"author":3,"featured_media":34735,"comment_status":"closed","ping_status":"closed","sticky":false,"template":"","format":"standard","meta":{"footnotes":""},"categories":[100,109,64],"tags":[],"class_list":["post-34765","post","type-post","status-publish","format-standard","has-post-thumbnail","hentry","category-home-fr","category-sevilla","category-blog-fr"],"yoast_head":"<!-- This site is optimized with the Yoast SEO plugin v27.3 - https:\/\/yoast.com\/product\/yoast-seo-wordpress\/ -->\n<title>Feria d&#039;avril<\/title>\n<meta name=\"description\" content=\"Allez-vous \u00e0 la Feria d&#039;Avril ? Apprenez comment vous d\u00e9placer dans les \u00ab casetas \u00bb sans encombrement et r\u00e9servez votre consigne intelligente sur Locking.es\" \/>\n<meta name=\"robots\" content=\"index, follow, max-snippet:-1, max-image-preview:large, max-video-preview:-1\" \/>\n<link rel=\"canonical\" href=\"https:\/\/locking.es\/fr\/feria-de-avril-seville-profitez-sans-chargements\/\" \/>\n<meta property=\"og:locale\" content=\"fr_FR\" \/>\n<meta property=\"og:type\" content=\"article\" \/>\n<meta property=\"og:title\" content=\"Feria d&#039;avril\" \/>\n<meta property=\"og:description\" content=\"Allez-vous \u00e0 la Feria d&#039;Avril ? Apprenez comment vous d\u00e9placer dans les \u00ab casetas \u00bb sans encombrement et r\u00e9servez votre consigne intelligente sur Locking.es\" \/>\n<meta property=\"og:url\" content=\"https:\/\/locking.es\/fr\/feria-de-avril-seville-profitez-sans-chargements\/\" \/>\n<meta property=\"og:site_name\" content=\"Consignas autom\u00e1ticas Maletas y Equipaje Locking\" \/>\n<meta property=\"article:published_time\" content=\"2026-03-07T08:48:00+00:00\" \/>\n<meta property=\"article:modified_time\" content=\"2026-04-06T17:58:14+00:00\" \/>\n<meta property=\"og:image\" content=\"https:\/\/locking.es\/wp-content\/uploads\/2026\/03\/Feria-de-abril.jpg\" \/>\n\t<meta property=\"og:image:width\" content=\"1920\" \/>\n\t<meta property=\"og:image:height\" content=\"1095\" \/>\n\t<meta property=\"og:image:type\" content=\"image\/jpeg\" \/>\n<meta name=\"author\" content=\"Locking Taquillas Automaticas\" \/>\n<meta name=\"twitter:card\" content=\"summary_large_image\" \/>\n<meta name=\"twitter:label1\" content=\"\u00c9crit par\" \/>\n\t<meta name=\"twitter:data1\" content=\"Locking Taquillas Automaticas\" \/>\n\t<meta name=\"twitter:label2\" content=\"Dur\u00e9e de lecture estim\u00e9e\" \/>\n\t<meta name=\"twitter:data2\" content=\"2 minutes\" \/>\n<script type=\"application\/ld+json\" class=\"yoast-schema-graph\">{\"@context\":\"https:\\\/\\\/schema.org\",\"@graph\":[{\"@type\":\"Article\",\"@id\":\"https:\\\/\\\/locking.es\\\/fr\\\/feria-de-avril-seville-profitez-sans-chargements\\\/#article\",\"isPartOf\":{\"@id\":\"https:\\\/\\\/locking.es\\\/fr\\\/feria-de-avril-seville-profitez-sans-chargements\\\/\"},\"author\":{\"name\":\"Locking Taquillas Automaticas\",\"@id\":\"https:\\\/\\\/locking.es\\\/fr\\\/#\\\/schema\\\/person\\\/aba796b0523f7b5bf5661f0ea2e4a2f8\"},\"headline\":\"Feria d&rsquo;Avril de S\u00e9ville : \u00ab Comment en profiter sans s&rsquo;encombrer de sa valise \u00bb\",\"datePublished\":\"2026-03-07T08:48:00+00:00\",\"dateModified\":\"2026-04-06T17:58:14+00:00\",\"mainEntityOfPage\":{\"@id\":\"https:\\\/\\\/locking.es\\\/fr\\\/feria-de-avril-seville-profitez-sans-chargements\\\/\"},\"wordCount\":406,\"publisher\":{\"@id\":\"https:\\\/\\\/locking.es\\\/fr\\\/#organization\"},\"image\":{\"@id\":\"https:\\\/\\\/locking.es\\\/fr\\\/feria-de-avril-seville-profitez-sans-chargements\\\/#primaryimage\"},\"thumbnailUrl\":\"https:\\\/\\\/locking.es\\\/wp-content\\\/uploads\\\/2026\\\/03\\\/Feria-de-abril.jpg\",\"articleSection\":[\"Home\",\"Sevilla\",\"Sin maletas\"],\"inLanguage\":\"fr-FR\"},{\"@type\":[\"WebPage\",\"ItemPage\"],\"@id\":\"https:\\\/\\\/locking.es\\\/fr\\\/feria-de-avril-seville-profitez-sans-chargements\\\/\",\"url\":\"https:\\\/\\\/locking.es\\\/fr\\\/feria-de-avril-seville-profitez-sans-chargements\\\/\",\"name\":\"Feria d'avril\",\"isPartOf\":{\"@id\":\"https:\\\/\\\/locking.es\\\/fr\\\/#website\"},\"primaryImageOfPage\":{\"@id\":\"https:\\\/\\\/locking.es\\\/fr\\\/feria-de-avril-seville-profitez-sans-chargements\\\/#primaryimage\"},\"image\":{\"@id\":\"https:\\\/\\\/locking.es\\\/fr\\\/feria-de-avril-seville-profitez-sans-chargements\\\/#primaryimage\"},\"thumbnailUrl\":\"https:\\\/\\\/locking.es\\\/wp-content\\\/uploads\\\/2026\\\/03\\\/Feria-de-abril.jpg\",\"datePublished\":\"2026-03-07T08:48:00+00:00\",\"dateModified\":\"2026-04-06T17:58:14+00:00\",\"description\":\"Allez-vous \u00e0 la Feria d'Avril ? Apprenez comment vous d\u00e9placer dans les \u00ab casetas \u00bb sans encombrement et r\u00e9servez votre consigne intelligente sur Locking.es\",\"breadcrumb\":{\"@id\":\"https:\\\/\\\/locking.es\\\/fr\\\/feria-de-avril-seville-profitez-sans-chargements\\\/#breadcrumb\"},\"inLanguage\":\"fr-FR\",\"potentialAction\":[{\"@type\":\"ReadAction\",\"target\":[\"https:\\\/\\\/locking.es\\\/fr\\\/feria-de-avril-seville-profitez-sans-chargements\\\/\"]}]},{\"@type\":\"ImageObject\",\"inLanguage\":\"fr-FR\",\"@id\":\"https:\\\/\\\/locking.es\\\/fr\\\/feria-de-avril-seville-profitez-sans-chargements\\\/#primaryimage\",\"url\":\"https:\\\/\\\/locking.es\\\/wp-content\\\/uploads\\\/2026\\\/03\\\/Feria-de-abril.jpg\",\"contentUrl\":\"https:\\\/\\\/locking.es\\\/wp-content\\\/uploads\\\/2026\\\/03\\\/Feria-de-abril.jpg\",\"width\":1920,\"height\":1095,\"caption\":\"Feria de abril\"},{\"@type\":\"BreadcrumbList\",\"@id\":\"https:\\\/\\\/locking.es\\\/fr\\\/feria-de-avril-seville-profitez-sans-chargements\\\/#breadcrumb\",\"itemListElement\":[{\"@type\":\"ListItem\",\"position\":1,\"name\":\"Portada\",\"item\":\"https:\\\/\\\/locking.es\\\/fr\\\/\"},{\"@type\":\"ListItem\",\"position\":2,\"name\":\"Feria d&#8217;Avril de S\u00e9ville : \u00ab Comment en profiter sans s&#8217;encombrer de sa valise \u00bb\"}]},{\"@type\":\"WebSite\",\"@id\":\"https:\\\/\\\/locking.es\\\/fr\\\/#website\",\"url\":\"https:\\\/\\\/locking.es\\\/fr\\\/\",\"name\":\"Consignas autom\u00e1ticas Maletas y Equipaje Locking\",\"description\":\"\",\"publisher\":{\"@id\":\"https:\\\/\\\/locking.es\\\/fr\\\/#organization\"},\"potentialAction\":[{\"@type\":\"SearchAction\",\"target\":{\"@type\":\"EntryPoint\",\"urlTemplate\":\"https:\\\/\\\/locking.es\\\/fr\\\/?s={search_term_string}\"},\"query-input\":{\"@type\":\"PropertyValueSpecification\",\"valueRequired\":true,\"valueName\":\"search_term_string\"}}],\"inLanguage\":\"fr-FR\"},{\"@type\":\"Organization\",\"@id\":\"https:\\\/\\\/locking.es\\\/fr\\\/#organization\",\"name\":\"Consignas autom\u00e1ticas Maletas y Equipaje Locking\",\"url\":\"https:\\\/\\\/locking.es\\\/fr\\\/\",\"logo\":{\"@type\":\"ImageObject\",\"inLanguage\":\"fr-FR\",\"@id\":\"https:\\\/\\\/locking.es\\\/fr\\\/#\\\/schema\\\/logo\\\/image\\\/\",\"url\":\"https:\\\/\\\/locking.es\\\/wp-content\\\/uploads\\\/2024\\\/09\\\/logo.png\",\"contentUrl\":\"https:\\\/\\\/locking.es\\\/wp-content\\\/uploads\\\/2024\\\/09\\\/logo.png\",\"width\":239,\"height\":91,\"caption\":\"Consignas autom\u00e1ticas Maletas y Equipaje Locking\"},\"image\":{\"@id\":\"https:\\\/\\\/locking.es\\\/fr\\\/#\\\/schema\\\/logo\\\/image\\\/\"}},{\"@type\":\"Person\",\"@id\":\"https:\\\/\\\/locking.es\\\/fr\\\/#\\\/schema\\\/person\\\/aba796b0523f7b5bf5661f0ea2e4a2f8\",\"name\":\"Locking Taquillas Automaticas\"}]}<\/script>\n<!-- \/ Yoast SEO plugin. -->","yoast_head_json":{"title":"Feria d'avril","description":"Allez-vous \u00e0 la Feria d'Avril ? Apprenez comment vous d\u00e9placer dans les \u00ab casetas \u00bb sans encombrement et r\u00e9servez votre consigne intelligente sur Locking.es","robots":{"index":"index","follow":"follow","max-snippet":"max-snippet:-1","max-image-preview":"max-image-preview:large","max-video-preview":"max-video-preview:-1"},"canonical":"https:\/\/locking.es\/fr\/feria-de-avril-seville-profitez-sans-chargements\/","og_locale":"fr_FR","og_type":"article","og_title":"Feria d'avril","og_description":"Allez-vous \u00e0 la Feria d'Avril ? Apprenez comment vous d\u00e9placer dans les \u00ab casetas \u00bb sans encombrement et r\u00e9servez votre consigne intelligente sur Locking.es","og_url":"https:\/\/locking.es\/fr\/feria-de-avril-seville-profitez-sans-chargements\/","og_site_name":"Consignas autom\u00e1ticas Maletas y Equipaje Locking","article_published_time":"2026-03-07T08:48:00+00:00","article_modified_time":"2026-04-06T17:58:14+00:00","og_image":[{"width":1920,"height":1095,"url":"https:\/\/locking.es\/wp-content\/uploads\/2026\/03\/Feria-de-abril.jpg","type":"image\/jpeg"}],"author":"Locking Taquillas Automaticas","twitter_card":"summary_large_image","twitter_misc":{"\u00c9crit par":"Locking Taquillas Automaticas","Dur\u00e9e de lecture estim\u00e9e":"2 minutes"},"schema":{"@context":"https:\/\/schema.org","@graph":[{"@type":"Article","@id":"https:\/\/locking.es\/fr\/feria-de-avril-seville-profitez-sans-chargements\/#article","isPartOf":{"@id":"https:\/\/locking.es\/fr\/feria-de-avril-seville-profitez-sans-chargements\/"},"author":{"name":"Locking Taquillas Automaticas","@id":"https:\/\/locking.es\/fr\/#\/schema\/person\/aba796b0523f7b5bf5661f0ea2e4a2f8"},"headline":"Feria d&rsquo;Avril de S\u00e9ville : \u00ab Comment en profiter sans s&rsquo;encombrer de sa valise \u00bb","datePublished":"2026-03-07T08:48:00+00:00","dateModified":"2026-04-06T17:58:14+00:00","mainEntityOfPage":{"@id":"https:\/\/locking.es\/fr\/feria-de-avril-seville-profitez-sans-chargements\/"},"wordCount":406,"publisher":{"@id":"https:\/\/locking.es\/fr\/#organization"},"image":{"@id":"https:\/\/locking.es\/fr\/feria-de-avril-seville-profitez-sans-chargements\/#primaryimage"},"thumbnailUrl":"https:\/\/locking.es\/wp-content\/uploads\/2026\/03\/Feria-de-abril.jpg","articleSection":["Home","Sevilla","Sin maletas"],"inLanguage":"fr-FR"},{"@type":["WebPage","ItemPage"],"@id":"https:\/\/locking.es\/fr\/feria-de-avril-seville-profitez-sans-chargements\/","url":"https:\/\/locking.es\/fr\/feria-de-avril-seville-profitez-sans-chargements\/","name":"Feria d'avril","isPartOf":{"@id":"https:\/\/locking.es\/fr\/#website"},"primaryImageOfPage":{"@id":"https:\/\/locking.es\/fr\/feria-de-avril-seville-profitez-sans-chargements\/#primaryimage"},"image":{"@id":"https:\/\/locking.es\/fr\/feria-de-avril-seville-profitez-sans-chargements\/#primaryimage"},"thumbnailUrl":"https:\/\/locking.es\/wp-content\/uploads\/2026\/03\/Feria-de-abril.jpg","datePublished":"2026-03-07T08:48:00+00:00","dateModified":"2026-04-06T17:58:14+00:00","description":"Allez-vous \u00e0 la Feria d'Avril ? Apprenez comment vous d\u00e9placer dans les \u00ab casetas \u00bb sans encombrement et r\u00e9servez votre consigne intelligente sur Locking.es","breadcrumb":{"@id":"https:\/\/locking.es\/fr\/feria-de-avril-seville-profitez-sans-chargements\/#breadcrumb"},"inLanguage":"fr-FR","potentialAction":[{"@type":"ReadAction","target":["https:\/\/locking.es\/fr\/feria-de-avril-seville-profitez-sans-chargements\/"]}]},{"@type":"ImageObject","inLanguage":"fr-FR","@id":"https:\/\/locking.es\/fr\/feria-de-avril-seville-profitez-sans-chargements\/#primaryimage","url":"https:\/\/locking.es\/wp-content\/uploads\/2026\/03\/Feria-de-abril.jpg","contentUrl":"https:\/\/locking.es\/wp-content\/uploads\/2026\/03\/Feria-de-abril.jpg","width":1920,"height":1095,"caption":"Feria de abril"},{"@type":"BreadcrumbList","@id":"https:\/\/locking.es\/fr\/feria-de-avril-seville-profitez-sans-chargements\/#breadcrumb","itemListElement":[{"@type":"ListItem","position":1,"name":"Portada","item":"https:\/\/locking.es\/fr\/"},{"@type":"ListItem","position":2,"name":"Feria d&#8217;Avril de S\u00e9ville : \u00ab Comment en profiter sans s&#8217;encombrer de sa valise \u00bb"}]},{"@type":"WebSite","@id":"https:\/\/locking.es\/fr\/#website","url":"https:\/\/locking.es\/fr\/","name":"Consignas autom\u00e1ticas Maletas y Equipaje Locking","description":"","publisher":{"@id":"https:\/\/locking.es\/fr\/#organization"},"potentialAction":[{"@type":"SearchAction","target":{"@type":"EntryPoint","urlTemplate":"https:\/\/locking.es\/fr\/?s={search_term_string}"},"query-input":{"@type":"PropertyValueSpecification","valueRequired":true,"valueName":"search_term_string"}}],"inLanguage":"fr-FR"},{"@type":"Organization","@id":"https:\/\/locking.es\/fr\/#organization","name":"Consignas autom\u00e1ticas Maletas y Equipaje Locking","url":"https:\/\/locking.es\/fr\/","logo":{"@type":"ImageObject","inLanguage":"fr-FR","@id":"https:\/\/locking.es\/fr\/#\/schema\/logo\/image\/","url":"https:\/\/locking.es\/wp-content\/uploads\/2024\/09\/logo.png","contentUrl":"https:\/\/locking.es\/wp-content\/uploads\/2024\/09\/logo.png","width":239,"height":91,"caption":"Consignas autom\u00e1ticas Maletas y Equipaje Locking"},"image":{"@id":"https:\/\/locking.es\/fr\/#\/schema\/logo\/image\/"}},{"@type":"Person","@id":"https:\/\/locking.es\/fr\/#\/schema\/person\/aba796b0523f7b5bf5661f0ea2e4a2f8","name":"Locking Taquillas Automaticas"}]}},"_links":{"self":[{"href":"https:\/\/locking.es\/fr\/wp-json\/wp\/v2\/posts\/34765","targetHints":{"allow":["GET"]}}],"collection":[{"href":"https:\/\/locking.es\/fr\/wp-json\/wp\/v2\/posts"}],"about":[{"href":"https:\/\/locking.es\/fr\/wp-json\/wp\/v2\/types\/post"}],"author":[{"embeddable":true,"href":"https:\/\/locking.es\/fr\/wp-json\/wp\/v2\/users\/3"}],"replies":[{"embeddable":true,"href":"https:\/\/locking.es\/fr\/wp-json\/wp\/v2\/comments?post=34765"}],"version-history":[{"count":2,"href":"https:\/\/locking.es\/fr\/wp-json\/wp\/v2\/posts\/34765\/revisions"}],"predecessor-version":[{"id":35090,"href":"https:\/\/locking.es\/fr\/wp-json\/wp\/v2\/posts\/34765\/revisions\/35090"}],"wp:featuredmedia":[{"embeddable":true,"href":"https:\/\/locking.es\/fr\/wp-json\/wp\/v2\/media\/34735"}],"wp:attachment":[{"href":"https:\/\/locking.es\/fr\/wp-json\/wp\/v2\/media?parent=34765"}],"wp:term":[{"taxonomy":"category","embeddable":true,"href":"https:\/\/locking.es\/fr\/wp-json\/wp\/v2\/categories?post=34765"},{"taxonomy":"post_tag","embeddable":true,"href":"https:\/\/locking.es\/fr\/wp-json\/wp\/v2\/tags?post=34765"}],"curies":[{"name":"wp","href":"https:\/\/api.w.org\/{rel}","templated":true}]}}