{"id":34247,"date":"2024-12-17T08:11:07","date_gmt":"2024-12-17T07:11:07","guid":{"rendered":"https:\/\/locking.es\/festas-san-isidro-viva-a-tradicao-madrilena\/"},"modified":"2025-10-07T16:22:09","modified_gmt":"2025-10-07T14:22:09","slug":"festas-san-isidro-viva-a-tradicao-madrilena","status":"publish","type":"post","link":"https:\/\/locking.es\/pt-pt\/festas-san-isidro-viva-a-tradicao-madrilena\/","title":{"rendered":"Festas de San Isidro: Viva a tradi\u00e7\u00e3o madrilena!"},"content":{"rendered":"<p>As <strong>Festas de San Isidro: Viva a tradi\u00e7\u00e3o madrilena! <\/strong>s\u00e3o uma das celebra\u00e7\u00f5es mais esperadas em Madrid, cheias de cor, m\u00fasica e sabor. Em 2025, estas festividades prometem ser um espet\u00e1culo inesquec\u00edvel que atrai milhares de visitantes todos os anos <\/p>\n<p>De 6 a 15 de maio, a cidade se transforma em um cen\u00e1rio vibrante onde a cultura e a tradi\u00e7\u00e3o se entrela\u00e7am, oferecendo uma experi\u00eancia \u00fanica para moradores e turistas.<\/p>\n<h2>Quem foi S\u00e3o Isidro?<\/h2>\n<p>S\u00e3o Isidro Labrador \u00e9 o padroeiro de Madrid, e sua hist\u00f3ria remonta ao s\u00e9culo XI. Segundo a lenda, foi um humilde lavrador que realizava milagres, como fazer brotar \u00e1gua da terra para irrigar suas planta\u00e7\u00f5es. Sua devo\u00e7\u00e3o e f\u00e9 lhe renderam o reconhecimento e a venera\u00e7\u00e3o dos madrilenhos.  <\/p>\n<p>A figura de S\u00e3o Isidro representa n\u00e3o apenas a agricultura, mas tamb\u00e9m a luta e o esfor\u00e7o do povo do campo. Todos os anos, durante as festas, ele \u00e9 homenageado com diversas atividades culturais e religiosas. <\/p>\n<p>S\u00e3o Isidro tamb\u00e9m est\u00e1 associado \u00e0s tradi\u00e7\u00f5es de Madrid, e sua festividade \u00e9 um reflexo da identidade madrilena. A celebra\u00e7\u00e3o inclui prociss\u00f5es e eventos que homenageiam seu legado e sua contribui\u00e7\u00e3o para a comunidade. <\/p>\n<h2>O que comer nesta festa?<\/h2>\n<p>A <strong>gastronomia t\u00edpica das Festas de San Isidro<\/strong> \u00e9 um dos grandes atrativos da celebra\u00e7\u00e3o. Os visitantes podem desfrutar de pratos tradicionais que evocam a ess\u00eancia de Madrid. Entre os mais destacados est\u00e3o:  <\/p>\n<ul>\n<li><strong>Rosquilhas<\/strong>: Doces t\u00edpicos da festa, que v\u00eam em diferentes variedades, como as \u201ctontas\u201d (sem cobertura) e \u201clistas\u201d (com glac\u00ea de lim\u00e3o).<\/li>\n<li><strong>\u00c1gua do santo<\/strong>: Uma bebida refrescante feita \u00e0 base de limonada, oferecida em muitas das barraquinhas durante as festas<\/li>\n<li><strong>Gastronomia regional:<\/strong> Pratos t\u00edpicos da culin\u00e1ria madrilena, como o cocido madrile\u00f1o (ensopado tradicional com gr\u00e3o-de-bico, carnes e legumes) e o bacalao \u00e0 la vizca\u00edna (bacalhau ao molho de tomate e piment\u00e3o, t\u00edpico do Pa\u00eds Basco).<\/li>\n<\/ul>\n<p>A oferta gastron\u00f4mica n\u00e3o se limita a esses pratos, pois h\u00e1 uma ampla variedade de tapas e vinhos locais que complementam a experi\u00eancia culin\u00e1ria durante as festas. Comer nas <strong>Festas de S\u00e3o Isidro<\/strong> \u00e9 uma experi\u00eancia que encanta todos os sentidos. <\/p>\n<h2>Onde s\u00e3o celebradas as festas de S\u00e3o Isidro?<\/h2>\n<p>As <a href=\"https:\/\/www.sanisidromadrid.com\/categoria\/jardines-de-las-vistillas\"><br \/>\n  <strong>Festas de S\u00e3o<\/strong><br \/>\n<\/a> Isidro s\u00e3o celebradas em v\u00e1rios locais de Madrid, mas o cora\u00e7\u00e3o da festividade \u00e9 a Pradera de San Isidro. Essa ampla \u00e1rea verde se enche de chulapas e chulapos, que vestem trajes t\u00edpicos e d\u00e3o vida \u00e0 celebra\u00e7\u00e3o com dan\u00e7as, m\u00fasica e muita alegria. <\/p>\n<p>Al\u00e9m disso, outros locais emblem\u00e1ticos como a Plaza de la Villa e a Catedral de la Almudena tamb\u00e9m s\u00e3o cen\u00e1rios importantes para os eventos, onde s\u00e3o realizados concertos e atividades culturais.<\/p>\n<p>A festividade se estende por toda a cidade, incluindo atividades em diferentes distritos, o que permite aos participantes desfrutar da celebra\u00e7\u00e3o em v\u00e1rios pontos e mergulhar na cultura local.<\/p>\n<h2>Quando s\u00e3o as festas de S\u00e3o Isidro?<\/h2>\n<p>As <strong>Festas de S\u00e3o Isidro 2025<\/strong> acontecer\u00e3o de 6 a 15 de maio, mas o dia mais esperado \u00e9 15 de maio, quando se celebra o dia de S\u00e3o Isidro. Esse dia \u00e9 especialmente destacado, com uma s\u00e9rie de eventos que culminam em um espetacular show de fogos de artif\u00edcio. <\/p>\n<p>Durante esses dias, Madrid se enche de atividades para todos os gostos, desde concertos de m\u00fasica ao vivo at\u00e9 diversas exposi\u00e7\u00f5es culturais que atraem tanto moradores quanto turistas<\/p>\n<p>As festas s\u00e3o uma oportunidade perfeita para desfrutar da hospitalidade da comunidade madrilena e participar das tradi\u00e7\u00f5es que perduraram ao longo dos anos.<\/p>\n<h2>Programa de las fiestas de San Isidro<\/h2>\n<p>O programa das <strong>Festas de S\u00e3o Isidro<\/strong> \u00e9 extenso e variado, pensado para oferecer entretenimento a todos os p\u00fablicos. Algumas das atividades mais destacadas incluem <\/p>\n<ul>\n<li>Concertos de m\u00fasica ao vivo com artistas nacionais e internacionais.<\/li>\n<li>Romaria na Pradera, onde os participantes se vestem com trajes tradicionais<\/li>\n<li>Exibi\u00e7\u00f5es de dan\u00e7as e bailes t\u00edpicos que representam a cultura madrilena<\/li>\n<\/ul>\n<p>Ao longo da festividade, realiza-se um discurso inaugural na Pra\u00e7a da Villa, onde se d\u00e1 in\u00edcio oficial \u00e0s celebra\u00e7\u00f5es. Este evento atrai uma multid\u00e3o que se re\u00fane para desfrutar da m\u00fasica e do ambiente festivo. <\/p>\n<\/p>\n<h2>Perguntas relacionadas com as festas de S\u00e3o Isidro.<\/h2>\n<h3>Quem se apresenta nas festas de S\u00e3o Isidro em 2025?<\/h3>\n<p>As<strong> Festas de S\u00e3o Isidro 2025<\/strong> contar\u00e3o com uma impressionante programa\u00e7\u00e3o de artistas. Embora o cartaz espec\u00edfico seja anunciado mais pr\u00f3ximo da data, espera-se que m\u00fasicos de diversos g\u00eaneros, desde o pop at\u00e9 o flamenco, animem as noites festivas. Os concertos ser\u00e3o realizados em v\u00e1rios pontos da cidade, especialmente na Pradera, onde o ambiente festivo \u00e9 incompar\u00e1vel.  <\/p>\n<p>A m\u00fasica \u00e9 um componente fundamental destas celebra\u00e7\u00f5es, pois n\u00e3o s\u00f3 permite apreciar artistas talentosos, como tamb\u00e9m promove a participa\u00e7\u00e3o da comunidade, transformando cada apresenta\u00e7\u00e3o numa verdadeira festa.<\/p>\n<\/p>\n<p>Por fim, se voc\u00ea planeja aproveitar as <strong>Festas de S\u00e3o Isidro e viver a tradi\u00e7\u00e3o madrilena<\/strong>, lembre-se de que pode deixar suas malas na<a href=\"http:\/\/locking.es\"><br \/>\n  <strong> Locking.<\/strong><br \/>\n<\/a> Este servi\u00e7o \u00e9 seguro e r\u00e1pido, permitindo que voc\u00ea desfrute da cidade com total tranquilidade. <\/p>\n\n<p><\/p>\n","protected":false},"excerpt":{"rendered":"<p>As Festas de San Isidro: Viva a tradi\u00e7\u00e3o madrilena! s\u00e3o uma das celebra\u00e7\u00f5es mais esperadas em Madrid, cheias de cor, m\u00fasica e sabor. Em 2025, estas festividades prometem ser um espet\u00e1culo inesquec\u00edvel que atrai milhares de visitantes todos os anos De 6 a 15 de maio, a cidade se transforma em um cen\u00e1rio vibrante onde [&hellip;]<\/p>\n","protected":false},"author":1,"featured_media":34048,"comment_status":"closed","ping_status":"closed","sticky":false,"template":"","format":"standard","meta":{"footnotes":""},"categories":[51,59,63,66],"tags":[],"class_list":["post-34247","post","type-post","status-publish","format-standard","has-post-thumbnail","hentry","category-chueca-pt-pt","category-la-latina-pt-pt","category-madrid-pt-pt","category-blog-pt-pt"],"yoast_head":"<!-- This site is optimized with the Yoast SEO plugin v27.3 - https:\/\/yoast.com\/product\/yoast-seo-wordpress\/ -->\n<title>Festas de San Isidro: Viva a tradi\u00e7\u00e3o madrilena! - Consignas autom\u00e1ticas Maletas y Equipaje Locking<\/title>\n<meta name=\"description\" content=\"Descubra o programa e as tradi\u00e7\u00f5es das Festas de S\u00e3o Isidro em Madri. Guia completo para viver o evento mais tradicional da capital.\" \/>\n<meta name=\"robots\" content=\"index, follow, max-snippet:-1, max-image-preview:large, max-video-preview:-1\" \/>\n<link rel=\"canonical\" href=\"https:\/\/locking.es\/pt-pt\/festas-san-isidro-viva-a-tradicao-madrilena\/\" \/>\n<meta property=\"og:locale\" content=\"pt_PT\" \/>\n<meta property=\"og:type\" content=\"article\" \/>\n<meta property=\"og:title\" content=\"Festas de San Isidro: Viva a tradi\u00e7\u00e3o madrilena! - Consignas autom\u00e1ticas Maletas y Equipaje Locking\" \/>\n<meta property=\"og:description\" content=\"Descubra o programa e as tradi\u00e7\u00f5es das Festas de S\u00e3o Isidro em Madri. Guia completo para viver o evento mais tradicional da capital.\" \/>\n<meta property=\"og:url\" content=\"https:\/\/locking.es\/pt-pt\/festas-san-isidro-viva-a-tradicao-madrilena\/\" \/>\n<meta property=\"og:site_name\" content=\"Consignas autom\u00e1ticas Maletas y Equipaje Locking\" \/>\n<meta property=\"article:published_time\" content=\"2024-12-17T07:11:07+00:00\" \/>\n<meta property=\"article:modified_time\" content=\"2025-10-07T14:22:09+00:00\" \/>\n<meta property=\"og:image\" content=\"https:\/\/locking.es\/wp-content\/uploads\/2024\/12\/portada-san-isidro-post.jpg\" \/>\n\t<meta property=\"og:image:width\" content=\"1920\" \/>\n\t<meta property=\"og:image:height\" content=\"1095\" \/>\n\t<meta property=\"og:image:type\" content=\"image\/jpeg\" \/>\n<meta name=\"author\" content=\"Lander\" \/>\n<meta name=\"twitter:card\" content=\"summary_large_image\" \/>\n<meta name=\"twitter:label1\" content=\"Escrito por\" \/>\n\t<meta name=\"twitter:data1\" content=\"Lander\" \/>\n\t<meta name=\"twitter:label2\" content=\"Tempo estimado de leitura\" \/>\n\t<meta name=\"twitter:data2\" content=\"5 minutos\" \/>\n<script type=\"application\/ld+json\" class=\"yoast-schema-graph\">{\"@context\":\"https:\\\/\\\/schema.org\",\"@graph\":[{\"@type\":\"Article\",\"@id\":\"https:\\\/\\\/locking.es\\\/pt-pt\\\/festas-san-isidro-viva-a-tradicao-madrilena\\\/#article\",\"isPartOf\":{\"@id\":\"https:\\\/\\\/locking.es\\\/pt-pt\\\/festas-san-isidro-viva-a-tradicao-madrilena\\\/\"},\"author\":{\"name\":\"Lander\",\"@id\":\"https:\\\/\\\/locking.es\\\/pt-pt\\\/#\\\/schema\\\/person\\\/ec96339e2682abfe537a0dd8c5c8269f\"},\"headline\":\"Festas de San Isidro: Viva a tradi\u00e7\u00e3o madrilena!\",\"datePublished\":\"2024-12-17T07:11:07+00:00\",\"dateModified\":\"2025-10-07T14:22:09+00:00\",\"mainEntityOfPage\":{\"@id\":\"https:\\\/\\\/locking.es\\\/pt-pt\\\/festas-san-isidro-viva-a-tradicao-madrilena\\\/\"},\"wordCount\":909,\"publisher\":{\"@id\":\"https:\\\/\\\/locking.es\\\/pt-pt\\\/#organization\"},\"image\":{\"@id\":\"https:\\\/\\\/locking.es\\\/pt-pt\\\/festas-san-isidro-viva-a-tradicao-madrilena\\\/#primaryimage\"},\"thumbnailUrl\":\"https:\\\/\\\/locking.es\\\/wp-content\\\/uploads\\\/2024\\\/12\\\/portada-san-isidro-post.jpg\",\"articleSection\":[\"Chueca\",\"La Latina\",\"Madrid\",\"Sin maletas\"],\"inLanguage\":\"pt-PT\"},{\"@type\":[\"WebPage\",\"ItemPage\"],\"@id\":\"https:\\\/\\\/locking.es\\\/pt-pt\\\/festas-san-isidro-viva-a-tradicao-madrilena\\\/\",\"url\":\"https:\\\/\\\/locking.es\\\/pt-pt\\\/festas-san-isidro-viva-a-tradicao-madrilena\\\/\",\"name\":\"Festas de San Isidro: Viva a tradi\u00e7\u00e3o madrilena! - Consignas autom\u00e1ticas Maletas y Equipaje Locking\",\"isPartOf\":{\"@id\":\"https:\\\/\\\/locking.es\\\/pt-pt\\\/#website\"},\"primaryImageOfPage\":{\"@id\":\"https:\\\/\\\/locking.es\\\/pt-pt\\\/festas-san-isidro-viva-a-tradicao-madrilena\\\/#primaryimage\"},\"image\":{\"@id\":\"https:\\\/\\\/locking.es\\\/pt-pt\\\/festas-san-isidro-viva-a-tradicao-madrilena\\\/#primaryimage\"},\"thumbnailUrl\":\"https:\\\/\\\/locking.es\\\/wp-content\\\/uploads\\\/2024\\\/12\\\/portada-san-isidro-post.jpg\",\"datePublished\":\"2024-12-17T07:11:07+00:00\",\"dateModified\":\"2025-10-07T14:22:09+00:00\",\"description\":\"Descubra o programa e as tradi\u00e7\u00f5es das Festas de S\u00e3o Isidro em Madri. Guia completo para viver o evento mais tradicional da capital.\",\"breadcrumb\":{\"@id\":\"https:\\\/\\\/locking.es\\\/pt-pt\\\/festas-san-isidro-viva-a-tradicao-madrilena\\\/#breadcrumb\"},\"inLanguage\":\"pt-PT\",\"potentialAction\":[{\"@type\":\"ReadAction\",\"target\":[\"https:\\\/\\\/locking.es\\\/pt-pt\\\/festas-san-isidro-viva-a-tradicao-madrilena\\\/\"]}]},{\"@type\":\"ImageObject\",\"inLanguage\":\"pt-PT\",\"@id\":\"https:\\\/\\\/locking.es\\\/pt-pt\\\/festas-san-isidro-viva-a-tradicao-madrilena\\\/#primaryimage\",\"url\":\"https:\\\/\\\/locking.es\\\/wp-content\\\/uploads\\\/2024\\\/12\\\/portada-san-isidro-post.jpg\",\"contentUrl\":\"https:\\\/\\\/locking.es\\\/wp-content\\\/uploads\\\/2024\\\/12\\\/portada-san-isidro-post.jpg\",\"width\":1920,\"height\":1095,\"caption\":\"Fiestas de San Isidro\"},{\"@type\":\"BreadcrumbList\",\"@id\":\"https:\\\/\\\/locking.es\\\/pt-pt\\\/festas-san-isidro-viva-a-tradicao-madrilena\\\/#breadcrumb\",\"itemListElement\":[{\"@type\":\"ListItem\",\"position\":1,\"name\":\"Portada\",\"item\":\"https:\\\/\\\/locking.es\\\/pt-pt\\\/\"},{\"@type\":\"ListItem\",\"position\":2,\"name\":\"Festas de San Isidro: Viva a tradi\u00e7\u00e3o madrilena!\"}]},{\"@type\":\"WebSite\",\"@id\":\"https:\\\/\\\/locking.es\\\/pt-pt\\\/#website\",\"url\":\"https:\\\/\\\/locking.es\\\/pt-pt\\\/\",\"name\":\"Consignas autom\u00e1ticas Maletas y Equipaje Locking\",\"description\":\"\",\"publisher\":{\"@id\":\"https:\\\/\\\/locking.es\\\/pt-pt\\\/#organization\"},\"potentialAction\":[{\"@type\":\"SearchAction\",\"target\":{\"@type\":\"EntryPoint\",\"urlTemplate\":\"https:\\\/\\\/locking.es\\\/pt-pt\\\/?s={search_term_string}\"},\"query-input\":{\"@type\":\"PropertyValueSpecification\",\"valueRequired\":true,\"valueName\":\"search_term_string\"}}],\"inLanguage\":\"pt-PT\"},{\"@type\":\"Organization\",\"@id\":\"https:\\\/\\\/locking.es\\\/pt-pt\\\/#organization\",\"name\":\"Consignas autom\u00e1ticas Maletas y Equipaje Locking\",\"url\":\"https:\\\/\\\/locking.es\\\/pt-pt\\\/\",\"logo\":{\"@type\":\"ImageObject\",\"inLanguage\":\"pt-PT\",\"@id\":\"https:\\\/\\\/locking.es\\\/pt-pt\\\/#\\\/schema\\\/logo\\\/image\\\/\",\"url\":\"https:\\\/\\\/locking.es\\\/wp-content\\\/uploads\\\/2024\\\/09\\\/logo.png\",\"contentUrl\":\"https:\\\/\\\/locking.es\\\/wp-content\\\/uploads\\\/2024\\\/09\\\/logo.png\",\"width\":239,\"height\":91,\"caption\":\"Consignas autom\u00e1ticas Maletas y Equipaje Locking\"},\"image\":{\"@id\":\"https:\\\/\\\/locking.es\\\/pt-pt\\\/#\\\/schema\\\/logo\\\/image\\\/\"}},{\"@type\":\"Person\",\"@id\":\"https:\\\/\\\/locking.es\\\/pt-pt\\\/#\\\/schema\\\/person\\\/ec96339e2682abfe537a0dd8c5c8269f\",\"name\":\"Lander\",\"sameAs\":[\"https:\\\/\\\/locking.es\"]}]}<\/script>\n<!-- \/ Yoast SEO plugin. -->","yoast_head_json":{"title":"Festas de San Isidro: Viva a tradi\u00e7\u00e3o madrilena! - Consignas autom\u00e1ticas Maletas y Equipaje Locking","description":"Descubra o programa e as tradi\u00e7\u00f5es das Festas de S\u00e3o Isidro em Madri. Guia completo para viver o evento mais tradicional da capital.","robots":{"index":"index","follow":"follow","max-snippet":"max-snippet:-1","max-image-preview":"max-image-preview:large","max-video-preview":"max-video-preview:-1"},"canonical":"https:\/\/locking.es\/pt-pt\/festas-san-isidro-viva-a-tradicao-madrilena\/","og_locale":"pt_PT","og_type":"article","og_title":"Festas de San Isidro: Viva a tradi\u00e7\u00e3o madrilena! - Consignas autom\u00e1ticas Maletas y Equipaje Locking","og_description":"Descubra o programa e as tradi\u00e7\u00f5es das Festas de S\u00e3o Isidro em Madri. Guia completo para viver o evento mais tradicional da capital.","og_url":"https:\/\/locking.es\/pt-pt\/festas-san-isidro-viva-a-tradicao-madrilena\/","og_site_name":"Consignas autom\u00e1ticas Maletas y Equipaje Locking","article_published_time":"2024-12-17T07:11:07+00:00","article_modified_time":"2025-10-07T14:22:09+00:00","og_image":[{"width":1920,"height":1095,"url":"https:\/\/locking.es\/wp-content\/uploads\/2024\/12\/portada-san-isidro-post.jpg","type":"image\/jpeg"}],"author":"Lander","twitter_card":"summary_large_image","twitter_misc":{"Escrito por":"Lander","Tempo estimado de leitura":"5 minutos"},"schema":{"@context":"https:\/\/schema.org","@graph":[{"@type":"Article","@id":"https:\/\/locking.es\/pt-pt\/festas-san-isidro-viva-a-tradicao-madrilena\/#article","isPartOf":{"@id":"https:\/\/locking.es\/pt-pt\/festas-san-isidro-viva-a-tradicao-madrilena\/"},"author":{"name":"Lander","@id":"https:\/\/locking.es\/pt-pt\/#\/schema\/person\/ec96339e2682abfe537a0dd8c5c8269f"},"headline":"Festas de San Isidro: Viva a tradi\u00e7\u00e3o madrilena!","datePublished":"2024-12-17T07:11:07+00:00","dateModified":"2025-10-07T14:22:09+00:00","mainEntityOfPage":{"@id":"https:\/\/locking.es\/pt-pt\/festas-san-isidro-viva-a-tradicao-madrilena\/"},"wordCount":909,"publisher":{"@id":"https:\/\/locking.es\/pt-pt\/#organization"},"image":{"@id":"https:\/\/locking.es\/pt-pt\/festas-san-isidro-viva-a-tradicao-madrilena\/#primaryimage"},"thumbnailUrl":"https:\/\/locking.es\/wp-content\/uploads\/2024\/12\/portada-san-isidro-post.jpg","articleSection":["Chueca","La Latina","Madrid","Sin maletas"],"inLanguage":"pt-PT"},{"@type":["WebPage","ItemPage"],"@id":"https:\/\/locking.es\/pt-pt\/festas-san-isidro-viva-a-tradicao-madrilena\/","url":"https:\/\/locking.es\/pt-pt\/festas-san-isidro-viva-a-tradicao-madrilena\/","name":"Festas de San Isidro: Viva a tradi\u00e7\u00e3o madrilena! - Consignas autom\u00e1ticas Maletas y Equipaje Locking","isPartOf":{"@id":"https:\/\/locking.es\/pt-pt\/#website"},"primaryImageOfPage":{"@id":"https:\/\/locking.es\/pt-pt\/festas-san-isidro-viva-a-tradicao-madrilena\/#primaryimage"},"image":{"@id":"https:\/\/locking.es\/pt-pt\/festas-san-isidro-viva-a-tradicao-madrilena\/#primaryimage"},"thumbnailUrl":"https:\/\/locking.es\/wp-content\/uploads\/2024\/12\/portada-san-isidro-post.jpg","datePublished":"2024-12-17T07:11:07+00:00","dateModified":"2025-10-07T14:22:09+00:00","description":"Descubra o programa e as tradi\u00e7\u00f5es das Festas de S\u00e3o Isidro em Madri. Guia completo para viver o evento mais tradicional da capital.","breadcrumb":{"@id":"https:\/\/locking.es\/pt-pt\/festas-san-isidro-viva-a-tradicao-madrilena\/#breadcrumb"},"inLanguage":"pt-PT","potentialAction":[{"@type":"ReadAction","target":["https:\/\/locking.es\/pt-pt\/festas-san-isidro-viva-a-tradicao-madrilena\/"]}]},{"@type":"ImageObject","inLanguage":"pt-PT","@id":"https:\/\/locking.es\/pt-pt\/festas-san-isidro-viva-a-tradicao-madrilena\/#primaryimage","url":"https:\/\/locking.es\/wp-content\/uploads\/2024\/12\/portada-san-isidro-post.jpg","contentUrl":"https:\/\/locking.es\/wp-content\/uploads\/2024\/12\/portada-san-isidro-post.jpg","width":1920,"height":1095,"caption":"Fiestas de San Isidro"},{"@type":"BreadcrumbList","@id":"https:\/\/locking.es\/pt-pt\/festas-san-isidro-viva-a-tradicao-madrilena\/#breadcrumb","itemListElement":[{"@type":"ListItem","position":1,"name":"Portada","item":"https:\/\/locking.es\/pt-pt\/"},{"@type":"ListItem","position":2,"name":"Festas de San Isidro: Viva a tradi\u00e7\u00e3o madrilena!"}]},{"@type":"WebSite","@id":"https:\/\/locking.es\/pt-pt\/#website","url":"https:\/\/locking.es\/pt-pt\/","name":"Consignas autom\u00e1ticas Maletas y Equipaje Locking","description":"","publisher":{"@id":"https:\/\/locking.es\/pt-pt\/#organization"},"potentialAction":[{"@type":"SearchAction","target":{"@type":"EntryPoint","urlTemplate":"https:\/\/locking.es\/pt-pt\/?s={search_term_string}"},"query-input":{"@type":"PropertyValueSpecification","valueRequired":true,"valueName":"search_term_string"}}],"inLanguage":"pt-PT"},{"@type":"Organization","@id":"https:\/\/locking.es\/pt-pt\/#organization","name":"Consignas autom\u00e1ticas Maletas y Equipaje Locking","url":"https:\/\/locking.es\/pt-pt\/","logo":{"@type":"ImageObject","inLanguage":"pt-PT","@id":"https:\/\/locking.es\/pt-pt\/#\/schema\/logo\/image\/","url":"https:\/\/locking.es\/wp-content\/uploads\/2024\/09\/logo.png","contentUrl":"https:\/\/locking.es\/wp-content\/uploads\/2024\/09\/logo.png","width":239,"height":91,"caption":"Consignas autom\u00e1ticas Maletas y Equipaje Locking"},"image":{"@id":"https:\/\/locking.es\/pt-pt\/#\/schema\/logo\/image\/"}},{"@type":"Person","@id":"https:\/\/locking.es\/pt-pt\/#\/schema\/person\/ec96339e2682abfe537a0dd8c5c8269f","name":"Lander","sameAs":["https:\/\/locking.es"]}]}},"_links":{"self":[{"href":"https:\/\/locking.es\/pt-pt\/wp-json\/wp\/v2\/posts\/34247","targetHints":{"allow":["GET"]}}],"collection":[{"href":"https:\/\/locking.es\/pt-pt\/wp-json\/wp\/v2\/posts"}],"about":[{"href":"https:\/\/locking.es\/pt-pt\/wp-json\/wp\/v2\/types\/post"}],"author":[{"embeddable":true,"href":"https:\/\/locking.es\/pt-pt\/wp-json\/wp\/v2\/users\/1"}],"replies":[{"embeddable":true,"href":"https:\/\/locking.es\/pt-pt\/wp-json\/wp\/v2\/comments?post=34247"}],"version-history":[{"count":1,"href":"https:\/\/locking.es\/pt-pt\/wp-json\/wp\/v2\/posts\/34247\/revisions"}],"predecessor-version":[{"id":34248,"href":"https:\/\/locking.es\/pt-pt\/wp-json\/wp\/v2\/posts\/34247\/revisions\/34248"}],"wp:featuredmedia":[{"embeddable":true,"href":"https:\/\/locking.es\/pt-pt\/wp-json\/wp\/v2\/media\/34048"}],"wp:attachment":[{"href":"https:\/\/locking.es\/pt-pt\/wp-json\/wp\/v2\/media?parent=34247"}],"wp:term":[{"taxonomy":"category","embeddable":true,"href":"https:\/\/locking.es\/pt-pt\/wp-json\/wp\/v2\/categories?post=34247"},{"taxonomy":"post_tag","embeddable":true,"href":"https:\/\/locking.es\/pt-pt\/wp-json\/wp\/v2\/tags?post=34247"}],"curies":[{"name":"wp","href":"https:\/\/api.w.org\/{rel}","templated":true}]}}